{"id":567,"date":"2021-05-20T17:23:44","date_gmt":"2021-05-20T20:23:44","guid":{"rendered":"http:\/\/afpfacilitacion.com\/actividades\/?p=567"},"modified":"2021-05-29T13:15:50","modified_gmt":"2021-05-29T16:15:50","slug":"presentacion-postitulo-en-facilitacion-profesional","status":"publish","type":"post","link":"https:\/\/afpfacilitacion.com\/actividades\/presentacion-postitulo-en-facilitacion-profesional\/","title":{"rendered":"Presentaci\u00f3n Post\u00edtulo en Facilitaci\u00f3n Profesional"},"content":{"rendered":"\n<p><em>Charla abierta<\/em><\/p>\n\n\n\n<p>Presentaci\u00f3n del Post\u00edtulo en Facilitaci\u00f3n Profesional. Se har\u00e1 un recorrido por los distintos m\u00f3dulos y se responder\u00e1n dudas sobre la capacitaci\u00f3n.<\/p>\n\n\n\n<p><strong>Objetivos<\/strong><\/p>\n\n\n\n<p>Introducir sobre la importancia de la facilitaci\u00f3n profesional: como pr\u00e1ctica profesional, se compromete con la posibilidad de observar la complejidad presente y, dado un objetivo denominado \u201cEntregable\u201d, atravesarla por el camino de la comunicaci\u00f3n productiva, la reflexi\u00f3n, la creatividad y el compromiso con la nueva realidad, tanto individual como colectiva.<\/p>\n\n\n\n<p><strong>Dirigido a<\/strong> <\/p>\n\n\n\n<p>Coaches Ontol\u00f3gicos<\/p>\n\n\n\n<p><strong>Charla a cargo de<\/strong><\/p>\n\n\n\n<div class=\"wp-block-media-text alignwide is-stacked-on-mobile\" style=\"grid-template-columns:32% auto\"><figure class=\"wp-block-media-text__media\"><img loading=\"lazy\" decoding=\"async\" width=\"555\" height=\"555\" src=\"http:\/\/afpfacilitacion.com\/actividades\/wp-content\/uploads\/2020\/10\/hugo_lopez-e1621541830886.jpg\" alt=\"\" class=\"wp-image-412\" srcset=\"https:\/\/afpfacilitacion.com\/actividades\/wp-content\/uploads\/2020\/10\/hugo_lopez-e1621541830886.jpg 555w, https:\/\/afpfacilitacion.com\/actividades\/wp-content\/uploads\/2020\/10\/hugo_lopez-e1621541830886-300x300.jpg 300w, https:\/\/afpfacilitacion.com\/actividades\/wp-content\/uploads\/2020\/10\/hugo_lopez-e1621541830886-150x150.jpg 150w\" sizes=\"auto, (max-width: 555px) 100vw, 555px\" \/><\/figure><div class=\"wp-block-media-text__content\">\n<p><strong>Hugo L\u00f3pez<\/strong><\/p>\n\n\n\n<p>Director Ejecutivo del CEOP Facilitador Profesional Senior &#8211; AFP Co-fundador de la AFP<\/p>\n<\/div><\/div>\n\n\n\n<div style=\"\n  margin: 3rem 0; \n    padding: 1rem;\n  border: 1px solid hsl(200, 80%, 65%); \n    border-radius: 1rem;\n  text-align: center;\">\n\n  <h3>Presentaci\u00f3n Post\u00edtulo en Facilitaci\u00f3n Profesional<\/h3>\n\n  <p>\n    Lunes 31 de mayo a las 19hs.\n  <\/p>\n\n  <p>\n     Charla gratuita\n  <\/p>\n\n<div style=\"\n  margin: 1rem 0;\n  display: flex;\n    flex-direction: column;\n    align-items: center;\n\">\n  <a class=\"btn\" href=\"\/inscripcion\">\u00a1Inscribite!<\/a>\n<\/div>\n\n<\/div>\n\n\n\n<p>Si ten\u00e9s alguna consulta en relaci\u00f3n a este evento escribinos al siguiente email:<br>\n<a href=\"mailto:info@afpfacilitacion.com\">info@afpfacilitacion.com<\/a><\/p>\n","protected":false},"excerpt":{"rendered":"<p>Charla abierta Presentaci\u00f3n del Post\u00edtulo en Facilitaci\u00f3n Profesional. Se har\u00e1 un recorrido por los distintos m\u00f3dulos y se responder\u00e1n dudas sobre la capacitaci\u00f3n. Objetivos Introducir sobre la importancia de la facilitaci\u00f3n profesional: como pr\u00e1ctica profesional, se compromete con la posibilidad de observar la complejidad presente y, dado un objetivo denominado \u201cEntregable\u201d, atravesarla por el camino [&hellip;]<\/p>\n","protected":false},"author":2,"featured_media":0,"comment_status":"closed","ping_status":"open","sticky":false,"template":"","format":"standard","meta":{"footnotes":""},"categories":[2,3],"tags":[],"class_list":["post-567","post","type-post","status-publish","format-standard","hentry","category-agenda","category-talleres-y-cursos"],"_links":{"self":[{"href":"https:\/\/afpfacilitacion.com\/actividades\/wp-json\/wp\/v2\/posts\/567","targetHints":{"allow":["GET"]}}],"collection":[{"href":"https:\/\/afpfacilitacion.com\/actividades\/wp-json\/wp\/v2\/posts"}],"about":[{"href":"https:\/\/afpfacilitacion.com\/actividades\/wp-json\/wp\/v2\/types\/post"}],"author":[{"embeddable":true,"href":"https:\/\/afpfacilitacion.com\/actividades\/wp-json\/wp\/v2\/users\/2"}],"replies":[{"embeddable":true,"href":"https:\/\/afpfacilitacion.com\/actividades\/wp-json\/wp\/v2\/comments?post=567"}],"version-history":[{"count":8,"href":"https:\/\/afpfacilitacion.com\/actividades\/wp-json\/wp\/v2\/posts\/567\/revisions"}],"predecessor-version":[{"id":598,"href":"https:\/\/afpfacilitacion.com\/actividades\/wp-json\/wp\/v2\/posts\/567\/revisions\/598"}],"wp:attachment":[{"href":"https:\/\/afpfacilitacion.com\/actividades\/wp-json\/wp\/v2\/media?parent=567"}],"wp:term":[{"taxonomy":"category","embeddable":true,"href":"https:\/\/afpfacilitacion.com\/actividades\/wp-json\/wp\/v2\/categories?post=567"},{"taxonomy":"post_tag","embeddable":true,"href":"https:\/\/afpfacilitacion.com\/actividades\/wp-json\/wp\/v2\/tags?post=567"}],"curies":[{"name":"wp","href":"https:\/\/api.w.org\/{rel}","templated":true}]}}