{"id":575,"date":"2021-05-20T17:55:25","date_gmt":"2021-05-20T20:55:25","guid":{"rendered":"http:\/\/afpfacilitacion.com\/actividades\/?p=575"},"modified":"2021-06-09T10:48:02","modified_gmt":"2021-06-09T13:48:02","slug":"postitulo-en-facilitacion-profesional-2","status":"publish","type":"post","link":"https:\/\/afpfacilitacion.com\/actividades\/postitulo-en-facilitacion-profesional-2\/","title":{"rendered":"Post\u00edtulo en Facilitaci\u00f3n Profesional"},"content":{"rendered":"\n<p>Es una propuesta que se enmarca en nuestro compromiso de \u201ccapacitar y asistir el reposicionamiento de l\u00edderes, profesionales y todo actor social que interact\u00faa con personas y organizaciones\u201d.<\/p>\n\n\n\n<p><strong>Lo que aprender\u00e1s<\/strong><\/p>\n\n\n\n<ul class=\"wp-block-list\"><li>Asistir a las personas para la superaci\u00f3n de conflictos.<\/li><li>Tener comunicaci\u00f3n eficaz.<\/li><li>Mejorar el rendimiento en diferentes \u00e1reas de la organizaci\u00f3n.<\/li><li>Efectivizar la coordinaci\u00f3n de acciones.<\/li><li>Generar contextos que permitan mayor involucramiento y compromiso.<\/li><li>Superar la complejidad existente que permita alcanzar los resultados propuestos.<\/li><li>Incrementar el capital social de la organizaci\u00f3n. <\/li><li>Integrar equipos profesionales multidisciplinarios. <\/li><li>Agilizar la toma de decisiones.<\/li><\/ul>\n\n\n\n<p><strong><em>Exclusivo para Coaches Ontol\u00f3gicos<\/em><\/strong><\/p>\n\n\n\n<p><\/p>\n\n\n\n<p><strong>Capacitaci\u00f3n a cargo de<\/strong><\/p>\n\n\n\n<div class=\"wp-block-media-text alignwide is-stacked-on-mobile\" style=\"grid-template-columns:32% auto\"><figure class=\"wp-block-media-text__media\"><img loading=\"lazy\" decoding=\"async\" width=\"210\" height=\"210\" src=\"http:\/\/afpfacilitacion.com\/actividades\/wp-content\/uploads\/2020\/09\/amarchesan.png\" alt=\"\" class=\"wp-image-343\" srcset=\"https:\/\/afpfacilitacion.com\/actividades\/wp-content\/uploads\/2020\/09\/amarchesan.png 210w, https:\/\/afpfacilitacion.com\/actividades\/wp-content\/uploads\/2020\/09\/amarchesan-150x150.png 150w\" sizes=\"auto, (max-width: 210px) 100vw, 210px\" \/><\/figure><div class=\"wp-block-media-text__content\">\n<p><strong>Alejandro Marches\u00e1n<\/strong><\/p>\n\n\n\n<p>Director General del CEOP Facilitador Profesional Senior &#8211; AFP Co-fundador de la AFP<\/p>\n<\/div><\/div>\n\n\n\n<div class=\"wp-block-media-text alignwide is-stacked-on-mobile\" style=\"grid-template-columns:32% auto\"><figure class=\"wp-block-media-text__media\"><img loading=\"lazy\" decoding=\"async\" width=\"555\" height=\"555\" src=\"http:\/\/afpfacilitacion.com\/actividades\/wp-content\/uploads\/2020\/10\/hugo_lopez-e1621541830886.jpg\" alt=\"\" class=\"wp-image-412\" srcset=\"https:\/\/afpfacilitacion.com\/actividades\/wp-content\/uploads\/2020\/10\/hugo_lopez-e1621541830886.jpg 555w, https:\/\/afpfacilitacion.com\/actividades\/wp-content\/uploads\/2020\/10\/hugo_lopez-e1621541830886-300x300.jpg 300w, https:\/\/afpfacilitacion.com\/actividades\/wp-content\/uploads\/2020\/10\/hugo_lopez-e1621541830886-150x150.jpg 150w\" sizes=\"auto, (max-width: 555px) 100vw, 555px\" \/><\/figure><div class=\"wp-block-media-text__content\">\n<p><strong>Hugo L\u00f3pez<\/strong><\/p>\n\n\n\n<p>Director Ejecutivo del CEOP Facilitador Profesional Senior &#8211; AFP Co-fundador de la AFP<\/p>\n<\/div><\/div>\n\n\n\n<div style=\" display: none;\n  margin: 3rem 0; \n    padding: 1rem;\n  border: 1px solid hsl(200, 80%, 65%); \n    border-radius: 1rem;\n  text-align: left;\">\n\n  <h3>Presentaci\u00f3n Post\u00edtulo en Facilitaci\u00f3n Profesional<\/h3>\n\n  <p>100% online y sincr\u00f3nica. <br>\n     12 encuentros (2 encuentros por mes, de junio a noviembre).<\/p>\n\n  <p>S\u00e1bados de 16 a 20hs &#8211; Domingos de 9 a 13hs. <br>\n     <span style=\"color: grey;\">12 y 13 de junio &#8211; 10 y 11 de julio &#8211; 14 y 15 de \n     agosto &#8211; 11 y 12 de septiembre &#8211; 16 y 17 de octubre &#8211; 13 y 14 de noviembre. \n  <\/span><\/p>\n\n\n  <p>\n     <span style=\"color: grey;\">Valor de la matr\u00edcula: <\/span>AR$ 6.000 (IVA Incluido) <br>\n     <span style=\"color: grey;\">Valor del post\u00edtulo: <\/span>AR$ 71.874 (IVA Incluido) <br>\n     <span style=\"color: grey;\">Arancel de Certificaci\u00f3n AFP: <\/span>AR$ 1.600 (Incluye membres\u00eda permanente)\n  <\/p>  \n\n\n<div style=\"\n  margin: 1rem 0;\n  display: flex;\n    justify-content: space-around;\n    align-items: center;\n\">\n  <a class=\"btn\" style=\"display: none; background-color: transparent; color: hsl(330, 80%, 47%) !important; border: 1px solid hsl(330, 80%, 47%);\" href=\"\/oferta-educativa\/programas\/postitulo-en-facilitacion-profesional-2021.pdf\">Ver Programa<\/a>\n  <a class=\"btn\" style=\"display: none; border: 1px solid hsl(330, 80%, 47%);\" href=\"https:\/\/docs.google.com\/forms\/d\/e\/1FAIpQLSfnTKuBKpxSNAYAAmxVZbjSPuKUPxgqGZxqUHUY1AytRyr6yw\/viewform\" target=\"_blank\" rel=\"noopener noreferrer\">\u00a1Inscribite!<\/a>\n<\/div>\n\n<\/div>\n\n\n\n<p>Si ten\u00e9s alguna consulta en relaci\u00f3n a este evento escribinos al siguiente email:<br>\n<a href=\"mailto:info@afpfacilitacion.com\">info@afpfacilitacion.com<\/a><\/p>\n\n\n\n<p><\/p>\n","protected":false},"excerpt":{"rendered":"<p>Es una propuesta que se enmarca en nuestro compromiso de \u201ccapacitar y asistir el reposicionamiento de l\u00edderes, profesionales y todo actor social que interact\u00faa con personas y organizaciones\u201d. Lo que aprender\u00e1s Asistir a las personas para la superaci\u00f3n de conflictos. Tener comunicaci\u00f3n eficaz. Mejorar el rendimiento en diferentes \u00e1reas de la organizaci\u00f3n. Efectivizar la coordinaci\u00f3n [&hellip;]<\/p>\n","protected":false},"author":2,"featured_media":0,"comment_status":"closed","ping_status":"open","sticky":false,"template":"","format":"standard","meta":{"footnotes":""},"categories":[2,3],"tags":[],"class_list":["post-575","post","type-post","status-publish","format-standard","hentry","category-agenda","category-talleres-y-cursos"],"_links":{"self":[{"href":"https:\/\/afpfacilitacion.com\/actividades\/wp-json\/wp\/v2\/posts\/575","targetHints":{"allow":["GET"]}}],"collection":[{"href":"https:\/\/afpfacilitacion.com\/actividades\/wp-json\/wp\/v2\/posts"}],"about":[{"href":"https:\/\/afpfacilitacion.com\/actividades\/wp-json\/wp\/v2\/types\/post"}],"author":[{"embeddable":true,"href":"https:\/\/afpfacilitacion.com\/actividades\/wp-json\/wp\/v2\/users\/2"}],"replies":[{"embeddable":true,"href":"https:\/\/afpfacilitacion.com\/actividades\/wp-json\/wp\/v2\/comments?post=575"}],"version-history":[{"count":20,"href":"https:\/\/afpfacilitacion.com\/actividades\/wp-json\/wp\/v2\/posts\/575\/revisions"}],"predecessor-version":[{"id":602,"href":"https:\/\/afpfacilitacion.com\/actividades\/wp-json\/wp\/v2\/posts\/575\/revisions\/602"}],"wp:attachment":[{"href":"https:\/\/afpfacilitacion.com\/actividades\/wp-json\/wp\/v2\/media?parent=575"}],"wp:term":[{"taxonomy":"category","embeddable":true,"href":"https:\/\/afpfacilitacion.com\/actividades\/wp-json\/wp\/v2\/categories?post=575"},{"taxonomy":"post_tag","embeddable":true,"href":"https:\/\/afpfacilitacion.com\/actividades\/wp-json\/wp\/v2\/tags?post=575"}],"curies":[{"name":"wp","href":"https:\/\/api.w.org\/{rel}","templated":true}]}}