{"id":682,"date":"2022-01-27T11:18:53","date_gmt":"2022-01-27T14:18:53","guid":{"rendered":"https:\/\/afpfacilitacion.com\/actividades\/?p=682"},"modified":"2022-02-01T16:58:59","modified_gmt":"2022-02-01T19:58:59","slug":"charla-abierta-dinamicas-participativas-ii","status":"publish","type":"post","link":"https:\/\/afpfacilitacion.com\/actividades\/charla-abierta-dinamicas-participativas-ii\/","title":{"rendered":"CHARLA ABIERTA | DIN\u00c1MICAS PARTICIPATIVAS II"},"content":{"rendered":"\n<p><strong><em>M\u00e1s herramientas, m\u00e1s experiencias.<\/em><\/strong><\/p>\n\n\n\n<p>Sumate a esta charla abierta y sacate las dudas sobre el taller de<br>din\u00e1micas participativas II.<\/p>\n\n\n\n<p>Nos centraremos en hacer una introducci\u00f3n sobre los temas que<br>trabajaremos en el taller y su objetivo, y responderemos todas las<br>inquietudes que tengan.<\/p>\n\n\n\n<p>Aprender\u00e1s a dise\u00f1ar sesiones poderosas online, que podr\u00e1s replicar en<br>la presencialidad.<\/p>\n\n\n\n<p>Te invitamos a un viaje muy especial, para seguir sumando horas vuelo<br>como facilitador de din\u00e1micas participativas. Si est\u00e1s interesad@ en<br>incorporar nuevas herramientas y renovarte, este vuelo es para vos.<\/p>\n\n\n\n<p>En estos encuentros vas a poder incorporar nuevas din\u00e1micas, horas de<br>pr\u00e1ctica y mentoring grupal para crear agendas potentes y con impacto.<\/p>\n\n\n\n<p>Pondremos foco en la comunicaci\u00f3n productiva, en crear climas<br>positivos, en potenciar el compromiso, la confianza y promover los<br>acuerdos y la innovaci\u00f3n, experimentando herramientas para estimular<br>la inteligencia colectiva.<\/p>\n\n\n\n<p>Recorreremos: Check in, check out, Icebreakers, juegos \u00e1giles, feedback,<br>Estructuras Liberadoras, Word Caf\u00e9 y Open Space Technology<\/p>\n\n\n\n<p><strong>Charla a cargo de:<\/strong><\/p>\n\n\n\n<div class=\"wp-block-media-text alignwide is-stacked-on-mobile is-vertically-aligned-top\" style=\"grid-template-columns:23% auto\"><figure class=\"wp-block-media-text__media\"><img loading=\"lazy\" decoding=\"async\" width=\"322\" height=\"322\" src=\"http:\/\/afpfacilitacion.com\/actividades\/wp-content\/uploads\/2020\/11\/vgiraudo-e1605641729548.png\" alt=\"\" class=\"wp-image-452 size-full\" srcset=\"https:\/\/afpfacilitacion.com\/actividades\/wp-content\/uploads\/2020\/11\/vgiraudo-e1605641729548.png 322w, https:\/\/afpfacilitacion.com\/actividades\/wp-content\/uploads\/2020\/11\/vgiraudo-e1605641729548-300x300.png 300w, https:\/\/afpfacilitacion.com\/actividades\/wp-content\/uploads\/2020\/11\/vgiraudo-e1605641729548-150x150.png 150w\" sizes=\"auto, (max-width: 322px) 100vw, 322px\" \/><\/figure><div class=\"wp-block-media-text__content\">\n<p><strong>Vanina Giraudo<\/strong><\/p>\n\n\n\n<p>Formaci\u00f3n: Facilitador Profesional y Coach Ontol\u00f3gico Certificado &#8211; CEOP.<\/p>\n\n\n\n<p>Experiencia: Facilitaciones de Din\u00e1micas Participativas en \u00e1mbitos de organizaciones gubernamentales, Universidad Tecnol\u00f3gica de Panam\u00e1 (UTP) y en Comunidad de Pr\u00e1ctica de Estructuras Liberadoras LATAM.<\/p>\n<\/div><\/div>\n\n\n\n<div class=\"wp-block-media-text alignwide is-stacked-on-mobile is-vertically-aligned-top\" style=\"grid-template-columns:23% auto\"><figure class=\"wp-block-media-text__media\"><img loading=\"lazy\" decoding=\"async\" width=\"498\" height=\"498\" src=\"http:\/\/afpfacilitacion.com\/actividades\/wp-content\/uploads\/2020\/11\/lghiglione-e1605641777927.png\" alt=\"\" class=\"wp-image-453 size-full\" srcset=\"https:\/\/afpfacilitacion.com\/actividades\/wp-content\/uploads\/2020\/11\/lghiglione-e1605641777927.png 498w, https:\/\/afpfacilitacion.com\/actividades\/wp-content\/uploads\/2020\/11\/lghiglione-e1605641777927-300x300.png 300w, https:\/\/afpfacilitacion.com\/actividades\/wp-content\/uploads\/2020\/11\/lghiglione-e1605641777927-150x150.png 150w\" sizes=\"auto, (max-width: 498px) 100vw, 498px\" \/><\/figure><div class=\"wp-block-media-text__content\">\n<p><strong>Lorena Ghiglione<\/strong><\/p>\n\n\n\n<p>Formaci\u00f3n: Psic\u00f3loga . Especialista en\u00a0 Psicolog\u00eda\u00a0 Social y Desarrollo Organizacional &#8211; Facilitador Profesional &#8211; Coach Ontol\u00f3gico Profesional &#8211; CEOP<\/p>\n\n\n\n<p>Experiencia: Facilitaci\u00f3n en Comunidad de Pr\u00e1ctica de Estructuras Liberadoras y Agiles LatAm. Proceso de Mentoring y facilitaci\u00f3n con Din\u00e1micas participativas. Acompa\u00f1amiento a Equipos de RRHH para potenciar sus estrategias de talento y desarrollo.<\/p>\n<\/div><\/div>\n\n\n\n<p><strong>Modalidad<\/strong>:<\/p>\n\n\n\n<p>Encuentro Virtual<\/p>\n\n\n\n<p><strong>Fecha y horario<\/strong>:<\/p>\n\n\n\n<p>14 de Febrero 2022 &#8211; 19:00 hs.<\/p>\n\n\n\n<p><strong>Costo<\/strong><\/p>\n\n\n\n<p>Gratuito<\/p>\n\n\n\n<div style=\"\n  margin: 2.4rem 0;\n  display: flex;\n    flex-direction: column;\n    align-items: center;\n\">\n  <a class=\"btn\" href=\"\/inscripcion\">\u00a1Inscribite!<\/a>\n<\/div>\n\n\n\n<p>Si ten\u00e9s alguna consulta en relaci\u00f3n a este evento escribinos al siguiente email:<br>\n<a href=\"mailto:info@afpfacilitacion.com\">info@afpfacilitacion.com<\/a><\/p>\n","protected":false},"excerpt":{"rendered":"<p>M\u00e1s herramientas, m\u00e1s experiencias. Sumate a esta charla abierta y sacate las dudas sobre el taller dedin\u00e1micas participativas II. Nos centraremos en hacer una introducci\u00f3n sobre los temas quetrabajaremos en el taller y su objetivo, y responderemos todas lasinquietudes que tengan. Aprender\u00e1s a dise\u00f1ar sesiones poderosas online, que podr\u00e1s replicar enla presencialidad. Te invitamos a [&hellip;]<\/p>\n","protected":false},"author":2,"featured_media":0,"comment_status":"closed","ping_status":"open","sticky":false,"template":"","format":"standard","meta":{"footnotes":""},"categories":[2,3],"tags":[],"class_list":["post-682","post","type-post","status-publish","format-standard","hentry","category-agenda","category-talleres-y-cursos"],"_links":{"self":[{"href":"https:\/\/afpfacilitacion.com\/actividades\/wp-json\/wp\/v2\/posts\/682","targetHints":{"allow":["GET"]}}],"collection":[{"href":"https:\/\/afpfacilitacion.com\/actividades\/wp-json\/wp\/v2\/posts"}],"about":[{"href":"https:\/\/afpfacilitacion.com\/actividades\/wp-json\/wp\/v2\/types\/post"}],"author":[{"embeddable":true,"href":"https:\/\/afpfacilitacion.com\/actividades\/wp-json\/wp\/v2\/users\/2"}],"replies":[{"embeddable":true,"href":"https:\/\/afpfacilitacion.com\/actividades\/wp-json\/wp\/v2\/comments?post=682"}],"version-history":[{"count":3,"href":"https:\/\/afpfacilitacion.com\/actividades\/wp-json\/wp\/v2\/posts\/682\/revisions"}],"predecessor-version":[{"id":689,"href":"https:\/\/afpfacilitacion.com\/actividades\/wp-json\/wp\/v2\/posts\/682\/revisions\/689"}],"wp:attachment":[{"href":"https:\/\/afpfacilitacion.com\/actividades\/wp-json\/wp\/v2\/media?parent=682"}],"wp:term":[{"taxonomy":"category","embeddable":true,"href":"https:\/\/afpfacilitacion.com\/actividades\/wp-json\/wp\/v2\/categories?post=682"},{"taxonomy":"post_tag","embeddable":true,"href":"https:\/\/afpfacilitacion.com\/actividades\/wp-json\/wp\/v2\/tags?post=682"}],"curies":[{"name":"wp","href":"https:\/\/api.w.org\/{rel}","templated":true}]}}