{"id":780,"date":"2022-06-30T11:27:47","date_gmt":"2022-06-30T14:27:47","guid":{"rendered":"https:\/\/afpfacilitacion.com\/actividades\/?p=780"},"modified":"2022-06-30T11:28:33","modified_gmt":"2022-06-30T14:28:33","slug":"herramientas-de-recursos-humanos-para-pymes","status":"publish","type":"post","link":"https:\/\/afpfacilitacion.com\/actividades\/herramientas-de-recursos-humanos-para-pymes\/","title":{"rendered":"Herramientas de Recursos Humanos para PyMEs"},"content":{"rendered":"\n<p>El curso ofrece herramientas pr\u00e1cticas, f\u00e1ciles de usar, a bajo costo y de alto impacto en la gesti\u00f3n de los recursos humanos para pymes.&nbsp;<\/p>\n\n\n\n<p><strong>Contenidos<\/strong><\/p>\n\n\n\n<ul class=\"wp-block-list\"><li>Definici\u00f3n de ejes centrales para Recursos Humanos.<\/li><li>Escucha activa y clima laboral.<\/li><li>Dise\u00f1o de roles y conductas esperables.<\/li><li>Evaluaci\u00f3n al desempe\u00f1o.<\/li><li>Rol de referentes y l\u00edderes.<\/li><li>Remuneraciones y beneficios. Condiciones de trabajo.<\/li><li>Otras recomendaciones: profesionalizaci\u00f3n de la selecci\u00f3n, capacitaci\u00f3n, plan de carrera y cuadros de reemplazo.<\/li><\/ul>\n\n\n\n<p><strong>Objetivo<\/strong><\/p>\n\n\n\n<p>Adquirir por parte de los participantes el conjunto de herramientas disponibles que podr\u00e1n aplicar el d\u00eda siguiente en su organizaci\u00f3n.&nbsp;<\/p>\n\n\n\n<p><strong>A quienes va dirigido<\/strong><\/p>\n\n\n\n<p>Due\u00f1os de empresas, directores, Gerentes de \u00c1rea, Administradores.<\/p>\n\n\n\n<p><strong>Taller a cargo de:<\/strong><\/p>\n\n\n\n<div class=\"wp-block-media-text alignwide is-stacked-on-mobile is-vertically-aligned-top\" style=\"grid-template-columns:23% auto\"><figure class=\"wp-block-media-text__media\"><img loading=\"lazy\" decoding=\"async\" width=\"400\" height=\"400\" src=\"https:\/\/afpfacilitacion.com\/actividades\/wp-content\/uploads\/2022\/06\/agustin_seisdedos_400px.jpg\" alt=\"\" class=\"wp-image-783 size-full\" srcset=\"https:\/\/afpfacilitacion.com\/actividades\/wp-content\/uploads\/2022\/06\/agustin_seisdedos_400px.jpg 400w, https:\/\/afpfacilitacion.com\/actividades\/wp-content\/uploads\/2022\/06\/agustin_seisdedos_400px-300x300.jpg 300w, https:\/\/afpfacilitacion.com\/actividades\/wp-content\/uploads\/2022\/06\/agustin_seisdedos_400px-150x150.jpg 150w\" sizes=\"auto, (max-width: 400px) 100vw, 400px\" \/><\/figure><div class=\"wp-block-media-text__content\">\n<p><strong>Agust\u00edn Seisdedos<\/strong><\/p>\n\n\n\n<p>Lic. en Relaciones del Trabajo, UBA.<\/p>\n\n\n\n<p>Fundador y Director de AS Recursos Humanos.<\/p>\n<\/div><\/div>\n\n\n\n<p><strong>Modalidad<\/strong><\/p>\n\n\n\n<p>2 encuentros de 3 horas cada uno.<\/p>\n\n\n\n<p>Curso dictado por videoconferencia v\u00eda Zoom.<\/p>\n\n\n\n<p><strong>Fechas y horarios<\/strong><\/p>\n\n\n\n<p>Jueves 11 y 18 de agosto de 18 a 21 hs.<\/p>\n\n\n\n<p><strong>Arancel<\/strong><\/p>\n\n\n\n<p>$ 11.000<\/p>\n\n\n\n<p>Descuento del 10% para miembros AFP.<\/p>\n\n\n\n<div style=\"\n  margin: 2.4rem 0;\n  display: flex;\n    flex-direction: column;\n    align-items: center;\n\">\n  <a class=\"btn\" href=\"\/inscripcion\">\u00a1Inscribite!<\/a>\n<\/div>\n\n\n\n<p>Si ten\u00e9s alguna consulta en relaci\u00f3n a este evento escribinos al siguiente email:<br>\n<a href=\"mailto:info@afpfacilitacion.com\">info@afpfacilitacion.com<\/a><\/p>\n","protected":false},"excerpt":{"rendered":"<p>El curso ofrece herramientas pr\u00e1cticas, f\u00e1ciles de usar, a bajo costo y de alto impacto en la gesti\u00f3n de los recursos humanos para pymes.&nbsp; Contenidos Definici\u00f3n de ejes centrales para Recursos Humanos. Escucha activa y clima laboral. Dise\u00f1o de roles y conductas esperables. Evaluaci\u00f3n al desempe\u00f1o. Rol de referentes y l\u00edderes. Remuneraciones y beneficios. Condiciones [&hellip;]<\/p>\n","protected":false},"author":2,"featured_media":0,"comment_status":"closed","ping_status":"open","sticky":false,"template":"","format":"standard","meta":{"footnotes":""},"categories":[2,3],"tags":[],"class_list":["post-780","post","type-post","status-publish","format-standard","hentry","category-agenda","category-talleres-y-cursos"],"_links":{"self":[{"href":"https:\/\/afpfacilitacion.com\/actividades\/wp-json\/wp\/v2\/posts\/780","targetHints":{"allow":["GET"]}}],"collection":[{"href":"https:\/\/afpfacilitacion.com\/actividades\/wp-json\/wp\/v2\/posts"}],"about":[{"href":"https:\/\/afpfacilitacion.com\/actividades\/wp-json\/wp\/v2\/types\/post"}],"author":[{"embeddable":true,"href":"https:\/\/afpfacilitacion.com\/actividades\/wp-json\/wp\/v2\/users\/2"}],"replies":[{"embeddable":true,"href":"https:\/\/afpfacilitacion.com\/actividades\/wp-json\/wp\/v2\/comments?post=780"}],"version-history":[{"count":3,"href":"https:\/\/afpfacilitacion.com\/actividades\/wp-json\/wp\/v2\/posts\/780\/revisions"}],"predecessor-version":[{"id":786,"href":"https:\/\/afpfacilitacion.com\/actividades\/wp-json\/wp\/v2\/posts\/780\/revisions\/786"}],"wp:attachment":[{"href":"https:\/\/afpfacilitacion.com\/actividades\/wp-json\/wp\/v2\/media?parent=780"}],"wp:term":[{"taxonomy":"category","embeddable":true,"href":"https:\/\/afpfacilitacion.com\/actividades\/wp-json\/wp\/v2\/categories?post=780"},{"taxonomy":"post_tag","embeddable":true,"href":"https:\/\/afpfacilitacion.com\/actividades\/wp-json\/wp\/v2\/tags?post=780"}],"curies":[{"name":"wp","href":"https:\/\/api.w.org\/{rel}","templated":true}]}}