{"id":805,"date":"2022-08-17T19:56:40","date_gmt":"2022-08-17T22:56:40","guid":{"rendered":"https:\/\/afpfacilitacion.com\/actividades\/?p=805"},"modified":"2022-09-14T09:29:59","modified_gmt":"2022-09-14T12:29:59","slug":"taller-de-dinamicas-participativas-ii-2da-edicion","status":"publish","type":"post","link":"https:\/\/afpfacilitacion.com\/actividades\/taller-de-dinamicas-participativas-ii-2da-edicion\/","title":{"rendered":"Taller de Din\u00e1micas Participativas II \u2013 2da edici\u00f3n"},"content":{"rendered":"\n<p><strong><em>\u00a1<strong>Avent\u00farate a sumar horas vuelo como facilitador descubriendo y practicando din\u00e1micas participativas!<\/strong><\/em><\/strong><\/p>\n\n\n\n<p>Aprender\u00e1s a dise\u00f1ar sesiones poderosas online, que tambi\u00e9n podr\u00e1s replicar en la presencialidad.<\/p>\n\n\n\n<p>Te invitamos a un viaje muy especial, para seguir sumando horas vuelo como facilitador de din\u00e1micas participativas. Si est\u00e1s interesad@ en incorporar nuevas herramientas y renovarte, este vuelo es para ti!.&nbsp;<\/p>\n\n\n\n<p>Los facilitadores tenemos el desaf\u00edo de crear contextos que inviten a la reflexi\u00f3n y acci\u00f3n com\u00fan. No es simple ni improvisado. Necesitamos previamente pensar una agenda y cada una de las intervenciones.<\/p>\n\n\n\n<p>En este nuevo taller aprender\u00e1s a dise\u00f1ar sesiones poderosas online, que podr\u00e1s replicar en la presencialidad.&nbsp;<\/p>\n\n\n\n<p>En estos encuentros vas a poder incorporar nuevas din\u00e1micas, horas de pr\u00e1ctica y mentoring grupal para crear agendas potentes y con impacto.<\/p>\n\n\n\n<p>Pondremos foco en la comunicaci\u00f3n productiva, en crear climas positivos, en potenciar el compromiso, la confianza y promover los acuerdos y la innovaci\u00f3n, experimentando herramientas para estimular la inteligencia colectiva.<\/p>\n\n\n\n<p>Recorreremos:<\/p>\n\n\n\n<p>Check in, check out, Icebreakers, juegos \u00e1giles, feedback, Estructuras Liberadoras, Word Caf\u00e9 y Open Space Technology&nbsp;<\/p>\n\n\n\n<p>Te esperamos para volar junt@s!<\/p>\n\n\n\n<p><strong>Focos de trabajo<\/strong>:<\/p>\n\n\n\n<ul class=\"wp-block-list\"><li>Herramientas para crear climas positivos.<\/li><li>Herramientas para conseguir acuerdos y mayor ejecuci\u00f3n.<\/li><li>Herramientas para promover la innovaci\u00f3n.<\/li><li>Herramientas para Potenciar el compromiso y la confianza.<\/li><li>Pr\u00e1cticas realizadas por los estudiantes.<\/li><\/ul>\n\n\n\n<p><strong>Objetivos:&nbsp;<\/strong><\/p>\n\n\n\n<ul class=\"wp-block-list\"><li>Aprender haciendo.<\/li><li>Comprender, seleccionar y aplicar din\u00e1micas teniendo en cuenta para que son utilizadas.<\/li><li>Aprender a participar de espacios de trabajo remoto y disfrutarlos.<\/li><\/ul>\n\n\n\n<p><strong>Dirigido a:<\/strong><\/p>\n\n\n\n<ul class=\"wp-block-list\"><li>Facilitadores.<\/li><li>Coaches.<\/li><li>Profesionales, emprendedores y personas que en su rol trabajen con equipos.<\/li><li>Docentes que quieran incorporar herramientas para sus clases virtuales o presenciales.<\/li><li>Profesionales de RH, consultores, l\u00edderes a cargo de personas y equipos.<\/li><li>Profesionales agilistas para potenciar su trabajo.<\/li><\/ul>\n\n\n\n<p><strong>Requisitos<\/strong>:<\/p>\n\n\n\n<p>Ganas de divertirse, aprender y generar intervenciones con sentido.<\/p>\n\n\n\n<p><em>No es requisito haber realizado el Taller de Din\u00e1micas Participativas I<\/em>.<\/p>\n\n\n\n<p><strong>Taller a cargo de:<\/strong><\/p>\n\n\n\n<div class=\"wp-block-media-text alignwide is-stacked-on-mobile is-vertically-aligned-top\" style=\"grid-template-columns:23% auto\"><figure class=\"wp-block-media-text__media\"><img loading=\"lazy\" decoding=\"async\" width=\"498\" height=\"498\" src=\"http:\/\/afpfacilitacion.com\/actividades\/wp-content\/uploads\/2020\/11\/lghiglione-e1605641777927.png\" alt=\"\" class=\"wp-image-453 size-full\" srcset=\"https:\/\/afpfacilitacion.com\/actividades\/wp-content\/uploads\/2020\/11\/lghiglione-e1605641777927.png 498w, https:\/\/afpfacilitacion.com\/actividades\/wp-content\/uploads\/2020\/11\/lghiglione-e1605641777927-300x300.png 300w, https:\/\/afpfacilitacion.com\/actividades\/wp-content\/uploads\/2020\/11\/lghiglione-e1605641777927-150x150.png 150w\" sizes=\"auto, (max-width: 498px) 100vw, 498px\" \/><\/figure><div class=\"wp-block-media-text__content\">\n<p><strong>Lorena Ghiglione<\/strong><\/p>\n\n\n\n<p>Formaci\u00f3n: Psic\u00f3loga. Especialista en Psicolog\u00eda Social y Desarrollo&nbsp;Organizacional &#8211; Coach Ontol\u00f3gica Certificada y Facilitadora Profesional CEOP.<\/p>\n\n\n\n<p>Experiencia: Facilitaci\u00f3n en Comunidad de Pr\u00e1ctica de Estructuras Liberadoras y \u00c1giles LatAm. Proceso de Mentoring y facilitaci\u00f3n con Din\u00e1micas&nbsp; participativas. Acompa\u00f1amiento a Equipos de RRHH para potenciar sus&nbsp; estrategias de talento y desarrollo.<\/p>\n<\/div><\/div>\n\n\n\n<div class=\"wp-block-media-text alignwide is-stacked-on-mobile is-vertically-aligned-top\" style=\"grid-template-columns:23% auto\"><figure class=\"wp-block-media-text__media\"><img loading=\"lazy\" decoding=\"async\" width=\"322\" height=\"322\" src=\"http:\/\/afpfacilitacion.com\/actividades\/wp-content\/uploads\/2020\/11\/vgiraudo-e1605641729548.png\" alt=\"\" class=\"wp-image-452 size-full\" srcset=\"https:\/\/afpfacilitacion.com\/actividades\/wp-content\/uploads\/2020\/11\/vgiraudo-e1605641729548.png 322w, https:\/\/afpfacilitacion.com\/actividades\/wp-content\/uploads\/2020\/11\/vgiraudo-e1605641729548-300x300.png 300w, https:\/\/afpfacilitacion.com\/actividades\/wp-content\/uploads\/2020\/11\/vgiraudo-e1605641729548-150x150.png 150w\" sizes=\"auto, (max-width: 322px) 100vw, 322px\" \/><\/figure><div class=\"wp-block-media-text__content\">\n<p><strong>Vanina Giraudo<\/strong><\/p>\n\n\n\n<p>Formaci\u00f3n: Lic. en Ciencia Pol\u00edtica. Coach Ontol\u00f3gico Certificada y Facilitadora&nbsp; Profesional &#8211; CEOP. Facilitadora de Din\u00e1micas Participativas. Actriz. Clown.<\/p>\n\n\n\n<p>Experiencia: Facilitaciones de Din\u00e1micas Participativas en \u00e1mbitos de&nbsp; organizaciones, entidades gubernamentales, educativas y en la Comunidad de Pr\u00e1ctica de Estructuras Liberadoras LatAm y Espa\u00f1a.<\/p>\n<\/div><\/div>\n\n\n\n<div class=\"wp-block-media-text alignwide is-stacked-on-mobile is-vertically-aligned-top\" style=\"grid-template-columns:23% auto\"><figure class=\"wp-block-media-text__media\"><img loading=\"lazy\" decoding=\"async\" width=\"326\" height=\"326\" src=\"https:\/\/afpfacilitacion.com\/actividades\/wp-content\/uploads\/2022\/07\/florencia_bo_326px.jpg\" alt=\"\" class=\"wp-image-789 size-full\" srcset=\"https:\/\/afpfacilitacion.com\/actividades\/wp-content\/uploads\/2022\/07\/florencia_bo_326px.jpg 326w, https:\/\/afpfacilitacion.com\/actividades\/wp-content\/uploads\/2022\/07\/florencia_bo_326px-300x300.jpg 300w, https:\/\/afpfacilitacion.com\/actividades\/wp-content\/uploads\/2022\/07\/florencia_bo_326px-150x150.jpg 150w\" sizes=\"auto, (max-width: 326px) 100vw, 326px\" \/><\/figure><div class=\"wp-block-media-text__content\">\n<p><strong>Florencia Bo<\/strong><\/p>\n\n\n\n<p>Formaci\u00f3n: Lic. en Psicolog\u00eda. Post Grado en Direcci\u00f3n de Recursos Humanos. Facilitadora de din\u00e1micas participativas.<\/p>\n\n\n\n<p>Experiencia: Facilitaciones de din\u00e1micas participativas en \u00e1mbitos organizacionales, acompa\u00f1amiento a l\u00edderes y equipos para potenciar su funcionamiento como equipo. Background en iniciativas de gesti\u00f3n de recursos humanos y desarrollo individual.<\/p>\n<\/div><\/div>\n\n\n\n<p><strong>Modalidad<\/strong>:<\/p>\n\n\n\n<p>\u25cf 6 encuentros de 2 horas y 30 minutos cada sesi\u00f3n: encuentros para&nbsp; asimilaci\u00f3n de din\u00e1micas y herramientas, y encuentros de pr\u00e1ctica de lo&nbsp; aprendido.<\/p>\n\n\n\n<p>\u25cf 45 minutos de mentoring para los equipos que hagan sus pr\u00e1cticas.&nbsp;&nbsp;<\/p>\n\n\n\n<p>Total experiencia de encuentros virtuales: (15 horas + 45 min de Mentoring&nbsp; Grupal).<\/p>\n\n\n\n<p>L\u00edmite de participantes: 30 personas.<\/p>\n\n\n\n<p>M\u00ednimo de participantes: 12 personas.<\/p>\n\n\n\n<p><strong>Fechas y horarios<\/strong>:<\/p>\n\n\n\n<p>6 Martes!&nbsp;<\/p>\n\n\n\n<p>&#x1f4c5; Comenzando el Martes 11 de Octubre de 18hs a 20:30hs.<\/p>\n\n\n\n<ol class=\"wp-block-list\"><li>Martes 11\/10 <\/li><li>Martes 18\/10<\/li><li>Martes 25\/10<\/li><li>Martes 01\/11<\/li><li>Martes 08\/11<\/li><li>Martes 15\/11<\/li><\/ol>\n\n\n\n<p><strong>Inversi\u00f3n:<\/strong><\/p>\n\n\n\n<p><strong>Asociados a la AFP<\/strong>: $17.800. 1 pago o 2 cuotas de $8.900, a pagar la primera con la inscripci\u00f3n y la segunda antes del 08\/11. Dto inscripci\u00f3n temprana: Pagando antes del 20\/09, AR$ 16.020. * &nbsp;<\/p>\n\n\n\n<p><strong>P\u00fablico residente Argentino (No Asociados AFP)<\/strong>: $19.800.- 1 pago o 2 cuotas de $9.900,&nbsp; a pagar la primera con la inscripci\u00f3n y la segunda antes del 08\/11. Dto inscripci\u00f3n temprana: Pagando antes del 20\/09, AR$ 17.820. &nbsp;<\/p>\n\n\n\n<p><strong>P\u00fablico No residente en Argentina<\/strong>: D\u00f3lares US$ 200,\u00a0 1 pago o 2 cuotas de US$ 100,\u00a0 a pagar la primera con la inscripci\u00f3n y la segunda antes del 08\/11. Dto inscripci\u00f3n temprana: Pagando antes del 20\/09, US$ 180.<\/p>\n\n\n\n<p>Atenci\u00f3n!! Graduados del Taller Din\u00e1micas Participativas I, tienen un 20% de descuento. *<\/p>\n\n\n\n<p>* Promociones no son acumulables<\/p>\n\n\n\n<div style=\"\n  margin: 2.4rem 0;\n  display: flex;\n    flex-direction: column;\n    align-items: center;\n\">\n  <a class=\"btn\" href=\"\/inscripcion\">\u00a1Inscribite!<\/a>\n<\/div>\n\n\n\n<p>Si ten\u00e9s alguna consulta en relaci\u00f3n a este evento escribinos al siguiente email:<br>\n<a href=\"mailto:info@afpfacilitacion.com\">info@afpfacilitacion.com<\/a><\/p>\n","protected":false},"excerpt":{"rendered":"<p>\u00a1Avent\u00farate a sumar horas vuelo como facilitador descubriendo y practicando din\u00e1micas participativas! Aprender\u00e1s a dise\u00f1ar sesiones poderosas online, que tambi\u00e9n podr\u00e1s replicar en la presencialidad. Te invitamos a un viaje muy especial, para seguir sumando horas vuelo como facilitador de din\u00e1micas participativas. Si est\u00e1s interesad@ en incorporar nuevas herramientas y renovarte, este vuelo es para [&hellip;]<\/p>\n","protected":false},"author":2,"featured_media":0,"comment_status":"closed","ping_status":"open","sticky":false,"template":"","format":"standard","meta":{"footnotes":""},"categories":[2,3],"tags":[],"class_list":["post-805","post","type-post","status-publish","format-standard","hentry","category-agenda","category-talleres-y-cursos"],"_links":{"self":[{"href":"https:\/\/afpfacilitacion.com\/actividades\/wp-json\/wp\/v2\/posts\/805","targetHints":{"allow":["GET"]}}],"collection":[{"href":"https:\/\/afpfacilitacion.com\/actividades\/wp-json\/wp\/v2\/posts"}],"about":[{"href":"https:\/\/afpfacilitacion.com\/actividades\/wp-json\/wp\/v2\/types\/post"}],"author":[{"embeddable":true,"href":"https:\/\/afpfacilitacion.com\/actividades\/wp-json\/wp\/v2\/users\/2"}],"replies":[{"embeddable":true,"href":"https:\/\/afpfacilitacion.com\/actividades\/wp-json\/wp\/v2\/comments?post=805"}],"version-history":[{"count":7,"href":"https:\/\/afpfacilitacion.com\/actividades\/wp-json\/wp\/v2\/posts\/805\/revisions"}],"predecessor-version":[{"id":823,"href":"https:\/\/afpfacilitacion.com\/actividades\/wp-json\/wp\/v2\/posts\/805\/revisions\/823"}],"wp:attachment":[{"href":"https:\/\/afpfacilitacion.com\/actividades\/wp-json\/wp\/v2\/media?parent=805"}],"wp:term":[{"taxonomy":"category","embeddable":true,"href":"https:\/\/afpfacilitacion.com\/actividades\/wp-json\/wp\/v2\/categories?post=805"},{"taxonomy":"post_tag","embeddable":true,"href":"https:\/\/afpfacilitacion.com\/actividades\/wp-json\/wp\/v2\/tags?post=805"}],"curies":[{"name":"wp","href":"https:\/\/api.w.org\/{rel}","templated":true}]}}